{"id":7467,"date":"2017-01-13T18:30:37","date_gmt":"2017-01-13T17:30:37","guid":{"rendered":"http:\/\/smdesevilla.com\/principal\/?p=7467"},"modified":"2017-09-11T20:11:33","modified_gmt":"2017-09-11T19:11:33","slug":"handel-%c2%b7-vivaldicon-raul-moncada","status":"publish","type":"post","link":"https:\/\/smdesevilla.com\/principal\/handel-%c2%b7-vivaldicon-raul-moncada\/","title":{"rendered":"H\u00c4NDEL \u00b7 VIVALDI \u00b7 21 y 22 de enero<br \/><small>con Ra\u00fal Moncada<\/small>"},"content":{"rendered":"<p><strong><div class=\"su-note\"  style=\"border-color:#99001d;border-radius:3px;-moz-border-radius:3px;-webkit-border-radius:3px;\"><div class=\"su-note-inner su-u-clearfix su-u-trim\" style=\"background-color:#b31637;border-color:#ffe2ff;color:#ffffff;border-radius:3px;-moz-border-radius:3px;-webkit-border-radius:3px;\">LAS ENTRADAS PARA EL CONCIERTO DEL DOMINGO (S. ALBERTO) EST\u00c1N AGOTADAS<\/div><\/div><\/strong><\/p>\n<p><strong>Conciertos:<\/strong><\/p>\n<p>S\u00e1bado 21 de enero de 2017 \u00b7 Parroquia de San Carlos Borromeo \u00b7 C\/ Pedro Salinas, 1 \u00b7 21.00 horas<br \/>\nDomingo 22 de enero de 2017 \u00b7 Iglesia de San Alberto (PP. Filipenses) \u00b7 C\/ Estrella, 2 \u00b7 18.30 horas<\/p>\n<p>Venta de entradas en los lugares de los conciertos<\/p>\n<h5>H\u00c4NDEL-VIVALDI<\/h5>\n<h5><strong>Antonio Vivaldi (1678 \u2013 1741)<\/strong><\/h5>\n<p>Concierto alla Rustica en sol mayor RV 151<br \/>\nGloria en re mayor RV 589<\/p>\n<h5>Georg Friedrich H\u00e4ndel (1685\u20131759)<\/h5>\n<p>Alessandro Severo HWV A13 (Obertura)<br \/>\nDixit Dominus HWV 232<\/p>\n<hr \/>\n<p>Leo Rossi \u00b7 Viol\u00edn I concertino<br \/>\nRaquel Batalloso \u00b7 Viol\u00edn II<br \/>\nPablo Trav\u00e9 \u00b7 viola<br \/>\nGuillermo Mart\u00ednez \u00b7 cello<br \/>\nJose Luis Sosa \u00b7 violone<br \/>\nPatricia Gonz\u00e1lez \u00b7 clave<\/p>\n<p>Roc\u00edo de Frutos \u00b7 Soprano<br \/>\nGabriel D\u00edaz \u00b7 Alto<\/p>\n<p>Coro de la Sociedad Musical de Sevilla<\/p>\n<p><strong>Ra\u00fal Moncada \u00b7 \u00d3rgano y direcci\u00f3n<\/strong><\/p>\n<hr \/>\n<p><a href=\"http:\/\/smdesevilla.com\/principal\/wp-content\/uploads\/foto-Raul-2017.jpg\" rel=\"attachment wp-att-7603\"><img loading=\"lazy\" decoding=\"async\" class=\"size-full wp-image-7603\" src=\"http:\/\/smdesevilla.com\/principal\/wp-content\/uploads\/foto-Raul-2017.jpg\" alt=\"Processed with Snapseed.\" width=\"640\" height=\"480\" srcset=\"https:\/\/smdesevilla.com\/principal\/wp-content\/uploads\/foto-Raul-2017.jpg 640w, https:\/\/smdesevilla.com\/principal\/wp-content\/uploads\/foto-Raul-2017-300x225.jpg 300w, https:\/\/smdesevilla.com\/principal\/wp-content\/uploads\/foto-Raul-2017-600x450.jpg 600w\" sizes=\"auto, (max-width: 640px) 100vw, 640px\" \/><\/a><\/p>\n<p>Nacido en la Ciudad de M\u00e9xico, Ra\u00fal Moncada estudi\u00f3 el clavec\u00edn y el clavicordio con los maestros Bob van Asperen, Menno van Delft, y Siebe Henstra en \u00c1msterdam y Utrecht (Pa\u00edses Bajos).<\/p>\n<p>Ra\u00fal Moncada, el primer y \u00fanico mexicano \u00a0a la fecha en obtener premios en dos de las m\u00e1s importantes competiciones a nivel internacional en M\u00fasica Antigua (<em>Musica Antiqua<\/em> en Brujas, B\u00e9lgica <em>y Premio Bonporti<\/em> en Rovereto, Italia), es actualmente uno de los m\u00fasicos m\u00e1s activos en M\u00e9xico ofreciendo m\u00faltiples recitales de clavec\u00edn con las obras m\u00e1s importantes de este repertorio,\u00a0 as\u00ed\u00a0 como\u00a0 tocando\u00a0 m\u00fasica\u00a0 de c\u00e1mara con el <em>Trio Barroco<\/em> y con el ensamble <em>NOVUM ANTIQUA MUSICA<\/em> en los festivales y salas de concierto m\u00e1s importantes del pa\u00eds.<\/p>\n<p>A nivel internacional, viaja regularmente a Europa a tocar con el ensamble <em>Rossi Piceno<\/em>, adem\u00e1s de ser invitado a tocar por prestigiosos grupos internacionales como <em>La Grande Chapelle<\/em> en importantes festivales tales como el <em>Grachtenfestival<\/em> (\u00c1msterdam), <em>Festival van Vlaanderen<\/em> (Brujas<em>), Oudemuziek Festival<\/em> (Utrecht) y realizar grabaciones para <em>Ram\u00e9e<\/em> y <em>ORF<\/em>.<\/p>\n<p>A lo largo de su formaci\u00f3n y carrera ha recibido diversas becas y apoyos por parte de la UNAM, CONACULTA y la SRE.<\/p>\n<p>Aparte de su intensa actividad musical que incluye la direcci\u00f3n de orquesta y la docencia, es invitado de vez en cuando, a impartir asesor\u00edas, talleres y seminarios en capacitaci\u00f3n y gesti\u00f3n cultural.<\/p>\n<p>&nbsp;<\/p>\n<p>&nbsp;<\/p>\n<p>&nbsp;<\/p>\n","protected":false},"excerpt":{"rendered":"<p>Conciertos: S\u00e1bado 21 de enero de 2017 \u00b7 Parroquia de San Carlos Borromeo \u00b7 C\/ Pedro Salinas, 1 \u00b7 21.00 horas Domingo 22 de enero de 2017 \u00b7 Iglesia de San Alberto (PP. Filipenses) \u00b7 C\/ Estrella, 2 \u00b7 18.30 horas Venta de entradas en los lugares de los conciertos H\u00c4NDEL-VIVALDI Antonio Vivaldi (1678 \u2013 [&hellip;]<\/p>\n","protected":false},"author":1,"featured_media":7468,"comment_status":"open","ping_status":"open","sticky":false,"template":"","format":"standard","meta":{"_price":"","_stock":"","_tribe_ticket_header":"","_tribe_default_ticket_provider":"","_tribe_ticket_capacity":"0","_ticket_start_date":"","_ticket_end_date":"","_tribe_ticket_show_description":"","_tribe_ticket_show_not_going":false,"_tribe_ticket_use_global_stock":"","_tribe_ticket_global_stock_level":"","_global_stock_mode":"","_global_stock_cap":"","_tribe_rsvp_for_event":"","_tribe_ticket_going_count":"","_tribe_ticket_not_going_count":"","_tribe_tickets_list":"[]","_tribe_ticket_has_attendee_info_fields":false,"footnotes":"","_tec_slr_enabled":"","_tec_slr_layout":""},"categories":[3],"tags":[],"class_list":["post-7467","post","type-post","status-publish","format-standard","has-post-thumbnail","hentry","category-conciertos-y-actividades"],"aioseo_notices":[],"ticketed":false,"_links":{"self":[{"href":"https:\/\/smdesevilla.com\/principal\/wp-json\/wp\/v2\/posts\/7467","targetHints":{"allow":["GET"]}}],"collection":[{"href":"https:\/\/smdesevilla.com\/principal\/wp-json\/wp\/v2\/posts"}],"about":[{"href":"https:\/\/smdesevilla.com\/principal\/wp-json\/wp\/v2\/types\/post"}],"author":[{"embeddable":true,"href":"https:\/\/smdesevilla.com\/principal\/wp-json\/wp\/v2\/users\/1"}],"replies":[{"embeddable":true,"href":"https:\/\/smdesevilla.com\/principal\/wp-json\/wp\/v2\/comments?post=7467"}],"version-history":[{"count":0,"href":"https:\/\/smdesevilla.com\/principal\/wp-json\/wp\/v2\/posts\/7467\/revisions"}],"wp:featuredmedia":[{"embeddable":true,"href":"https:\/\/smdesevilla.com\/principal\/wp-json\/wp\/v2\/media\/7468"}],"wp:attachment":[{"href":"https:\/\/smdesevilla.com\/principal\/wp-json\/wp\/v2\/media?parent=7467"}],"wp:term":[{"taxonomy":"category","embeddable":true,"href":"https:\/\/smdesevilla.com\/principal\/wp-json\/wp\/v2\/categories?post=7467"},{"taxonomy":"post_tag","embeddable":true,"href":"https:\/\/smdesevilla.com\/principal\/wp-json\/wp\/v2\/tags?post=7467"}],"curies":[{"name":"wp","href":"https:\/\/api.w.org\/{rel}","templated":true}]}}