{"id":7343,"date":"2016-03-21T19:53:52","date_gmt":"2016-03-21T18:53:52","guid":{"rendered":"http:\/\/smdesevilla.com\/principal\/?p=7343"},"modified":"2017-01-20T11:19:30","modified_gmt":"2017-01-20T10:19:30","slug":"taller-con-raul-mallavibarrena","status":"publish","type":"post","link":"https:\/\/smdesevilla.com\/principal\/taller-con-raul-mallavibarrena\/","title":{"rendered":"Taller con Ra\u00fal Mallavibarrena"},"content":{"rendered":"<p style=\"text-align: justify;\">La Sociedad Musical de Sevilla prosigue sus actividades formativas y did\u00e1cticas de car\u00e1cter abierto, como continuaci\u00f3n a los Ciclos de Conferencias (cursos de libre configuraci\u00f3n de la Universidad de Sevilla) de 2010 y 2011, a los Cursos de Direcci\u00f3n Coral realizados en a\u00f1os precedentes y al Ciclo de Talleres iniciado en 2011, con Alonso G\u00f3mez Gallego, los dos realizados en 2012 con Jorge Enrique Garc\u00eda y Martin Schmidt, en 2013 con Gabriel D\u00edaz, en 2014 con Israel Moreno y en 2015 tambi\u00e9n con Gabriel D\u00edaz.<\/p>\n<p style=\"text-align: justify;\">En esta ocasi\u00f3n, el director fue el prestigioso director ovetense <strong>Ra\u00fal Mallavibarrena,<\/strong> fundador y director de los grupos Musica Ficta y Ensemble Fontegara, as\u00ed como del sello discogr\u00e1fico Enchiriadis.<\/p>\n<p class=\"font_7\" style=\"text-align: justify;\">Ha dirigido conciertos en los principales festivales de Espa\u00f1a, as\u00ed como diversos pa\u00edses de Europa, Magreb, Oriente Medio, Suram\u00e9rica, M\u00e9xico, Estados Unidos y Jap\u00f3n, con repertorio que va desde la m\u00fasica medieval hasta oratorios de Monteverdi, Haendel y Bach, zarzuelas barrocas, cantatas y \u00f3peras de Vivaldi, pasando por el m\u00e1s amplio repertorio renacentista europeo. Su discograf\u00eda comprende veinte discos como director musical y m\u00e1s de cuarenta como productor.<\/p>\n<p class=\"font_7\" style=\"text-align: justify;\">Es invitado regularmente a impartir cursos y conferencias en universidades (Valencia, M\u00e1laga, Castilla-Le\u00f3n, Universidad Aut\u00f3noma de Madrid, Universidad de los Andes-Colombia) y centros especializados, as\u00ed como colaboraciones para el Teatro Real de Madrid.<\/p>\n<hr \/>\n<div class=\"su-row\">\n<div class=\"su-column su-column-size-1-2\"><div class=\"su-column-inner su-u-clearfix su-u-trim\"><strong>LUGAR, FECHAS Y HORARIOS<\/strong><\/p>\n<p>7 y 8, 14 y 15 de mayo de 2016<\/p>\n<p><strong>Centro C\u00edvico \u00abTejar del Mellizo\u00bb<\/strong><br \/>\nCalle Santa Fe, s\/n<\/p>\n<p><strong>Horario<\/strong><br \/>\ns\u00e1bados de 17.00 a 21.30 horas<br \/>\ndomingos de 10.30 a 14.00 horas<\/p>\n<p><strong>Duraci\u00f3n<\/strong><br \/>\n20 horas<\/p>\n<p><strong>Precio<\/strong><br \/>\nActivos: 75 \u20ac<br \/>\nOyentes: 40 \u20ac<br \/>\n<\/div><\/div>\n<div class=\"su-column su-column-size-1-2\"><div class=\"su-column-inner su-u-clearfix su-u-trim\"><strong>REPERTORIO<\/strong><\/p>\n<p><strong>CRIST\u00d3BAL DE MORALES<\/strong><br \/>\n(1500 &#8211; 1553)<\/p>\n<p><strong>Pastores dicite quidnam vidistis<\/strong><\/p>\n<p><strong>FRANCISCO GUERRERO<br \/>\n<\/strong>(1528 \u2013 1599)<\/p>\n<p><strong>Alma redemptoris mater<\/strong><br \/>\n<strong>Dum Aurora<\/strong><br \/>\n<strong>In illo tempore assumpsit Iesus<\/strong><\/p>\n<p><strong>TOM\u00c1S LUIS DE VICTORIA<\/strong><br \/>\n(1548-1611)<\/p>\n<p><strong>Ardens est cor meum<\/strong><br \/>\n<strong>Quem vidistis pastores<\/strong><br \/>\n<strong>Amicus meus<\/strong><br \/>\n<strong>Tradiderunt me<\/strong><br \/>\n<strong>Versa est in luctum<\/strong> (del Officium Defunctorum)<br \/>\n<strong>Gaudent in caelis<\/strong><br \/>\n<strong>Magi viderunt stellam<\/strong><br \/>\n<\/div><\/div>\n<\/div>\n<hr \/>\n","protected":false},"excerpt":{"rendered":"<p>La Sociedad Musical de Sevilla prosigue sus actividades formativas y did\u00e1cticas de car\u00e1cter abierto, como continuaci\u00f3n a los Ciclos de Conferencias (cursos de libre configuraci\u00f3n de la Universidad de Sevilla) de 2010 y 2011, a los Cursos de Direcci\u00f3n Coral realizados en a\u00f1os precedentes y al Ciclo de Talleres iniciado en 2011, con Alonso G\u00f3mez [&hellip;]<\/p>\n","protected":false},"author":1,"featured_media":7380,"comment_status":"closed","ping_status":"open","sticky":false,"template":"","format":"standard","meta":{"_price":"","_stock":"","_tribe_ticket_header":"","_tribe_default_ticket_provider":"","_tribe_ticket_capacity":"0","_ticket_start_date":"","_ticket_end_date":"","_tribe_ticket_show_description":"","_tribe_ticket_show_not_going":false,"_tribe_ticket_use_global_stock":"","_tribe_ticket_global_stock_level":"","_global_stock_mode":"","_global_stock_cap":"","_tribe_rsvp_for_event":"","_tribe_ticket_going_count":"","_tribe_ticket_not_going_count":"","_tribe_tickets_list":"[]","_tribe_ticket_has_attendee_info_fields":false,"footnotes":"","_tec_slr_enabled":"","_tec_slr_layout":""},"categories":[121,3],"tags":[],"class_list":["post-7343","post","type-post","status-publish","format-standard","has-post-thumbnail","hentry","category-anuncios","category-conciertos-y-actividades"],"aioseo_notices":[],"ticketed":false,"_links":{"self":[{"href":"https:\/\/smdesevilla.com\/principal\/wp-json\/wp\/v2\/posts\/7343","targetHints":{"allow":["GET"]}}],"collection":[{"href":"https:\/\/smdesevilla.com\/principal\/wp-json\/wp\/v2\/posts"}],"about":[{"href":"https:\/\/smdesevilla.com\/principal\/wp-json\/wp\/v2\/types\/post"}],"author":[{"embeddable":true,"href":"https:\/\/smdesevilla.com\/principal\/wp-json\/wp\/v2\/users\/1"}],"replies":[{"embeddable":true,"href":"https:\/\/smdesevilla.com\/principal\/wp-json\/wp\/v2\/comments?post=7343"}],"version-history":[{"count":0,"href":"https:\/\/smdesevilla.com\/principal\/wp-json\/wp\/v2\/posts\/7343\/revisions"}],"wp:featuredmedia":[{"embeddable":true,"href":"https:\/\/smdesevilla.com\/principal\/wp-json\/wp\/v2\/media\/7380"}],"wp:attachment":[{"href":"https:\/\/smdesevilla.com\/principal\/wp-json\/wp\/v2\/media?parent=7343"}],"wp:term":[{"taxonomy":"category","embeddable":true,"href":"https:\/\/smdesevilla.com\/principal\/wp-json\/wp\/v2\/categories?post=7343"},{"taxonomy":"post_tag","embeddable":true,"href":"https:\/\/smdesevilla.com\/principal\/wp-json\/wp\/v2\/tags?post=7343"}],"curies":[{"name":"wp","href":"https:\/\/api.w.org\/{rel}","templated":true}]}}