{"id":727,"date":"2009-11-13T11:16:34","date_gmt":"2009-11-13T10:16:34","guid":{"rendered":"http:\/\/smdesevilla.com\/principal\/?p=727"},"modified":"2010-02-08T12:21:56","modified_gmt":"2010-02-08T11:21:56","slug":"curso-en-la-universidad-de-sevilla","status":"publish","type":"post","link":"https:\/\/smdesevilla.com\/principal\/curso-en-la-universidad-de-sevilla\/","title":{"rendered":"Curso en la Universidad de Sevilla"},"content":{"rendered":"<div style=\"float:left;padding:0 15px 15px 0;border:none;\"><img loading=\"lazy\" decoding=\"async\" title=\"Cartel barroco\" src=\"http:\/\/smdesevilla.com\/principal\/wp-content\/uploads\/Cartel-barroco.jpg\" alt=\"Cartel barroco\" width=\"155\" height=\"220\" \/><\/div>\n<p style=\"text-align: justify;\">De acuerdo con la trascendencia que tiene la presentaci\u00f3n del programa <em><strong>La m\u00fasica barroca para coro conservada en los libros de la Catedral de Sevilla<\/strong><\/em> por el Coro de la SMS, se va a acompa\u00f1ar su puesta en escena con el desarrollo de un curso en la Universidad Hispalense a lo largo del presente a\u00f1o acad\u00e9mico 2009\/2010 con el t\u00edtulo \u201cLA M\u00daSICA CORAL DEL CABILDO CATEDRAL DE SEVILLA DURANTE EL SIGLO XVII. ESTUDIO MUSICOL\u00d3GICO E INTERPRETACI\u00d3N\u201d, que con un total de dos cr\u00e9ditos desmenuzar\u00e1 las caracter\u00edsticas particulares de las obras tanto desde el estudio del contexto para el que fueron escritas, como desde el punto de vista de su composici\u00f3n, transcripci\u00f3n y, por supuesto, su an\u00e1lisis.<!--more--><\/p>\n<p style=\"text-align: justify;\">\u00a0Las conferencias, todas ellas de dos horas de duraci\u00f3n, ser\u00e1n las siguientes:<\/p>\n<p style=\"text-align: justify;\">Doctor Jos\u00e9 S\u00e1nchez Herrero, Catedr\u00e1tico Em\u00e9rito de Historia Medieval. T\u00edtulo: <strong>El Cabildo Catedral de Sevilla durante el siglo XVII: componentes, rentas, relaci\u00f3n con el Arzobispo, actividad cultual y actividad cultural \u201cMusical\u201d.<\/strong><\/p>\n<p style=\"text-align: justify;\">Doctor Juan Mar\u00eda Su\u00e1rez Martos, Profesor de Musicolog\u00eda del Conservatorio Superior de M\u00fasica de C\u00f3rdoba. T\u00edtulo: <strong>Funcionamiento de la capilla de m\u00fasica, los ministriles, los seises y otros organismos que nos permite acercarnos a la realidad interpretativa del momento.<\/strong><\/p>\n<p style=\"text-align: justify;\">Licenciado Rafael Jes\u00fas Luque Vela, Profesor de Coro del Conservatorio Superior de M\u00fasica de Sevilla. T\u00edtulo: <strong>Melod\u00edas gregorianas y cantus firmus de los himnos polif\u00f3nicos en el Archivo musical de la Catedral de Sevilla: estudio de las fuentes.<\/strong><\/p>\n<p style=\"text-align: justify;\">Licenciado Israel S\u00e1nchez L\u00f3pez, Profesor de An\u00e1lisis Musical del Conservatorio Superior de M\u00fasica de Sevilla, Compositor y Director de la Asociaci\u00f3n Coral \u201cSociedad Musical de Sevilla\u201d. T\u00edtulo: <strong>Aproximaciones anal\u00edticas de las obras musicales estudiadas durante el curso.<\/strong><\/p>\n<p style=\"text-align: justify;\">Existiendo una \u00faltima conferencia, en la que participa el coro, y en la que se desmenuzan las caracter\u00edsticas expresivas y de composici\u00f3n de algunas de las obras interpretadas. Por lo tanto, estamos hablando de un curso de 10 horas que tambi\u00e9n queremos ofrecer como propuesta m\u00e1s amplia que completa la sola realizaci\u00f3n del concierto.<\/p>\n<p style=\"text-align: justify;\">Pod\u00e9is descargar un folleto informativo del curso <a href=\"http:\/\/smdesevilla.com\/principal\/?dl_id=96\" target=\"_blank\">aqu\u00ed<\/a>.<\/p>\n<p style=\"text-align: justify;\">\u00a0<\/p>\n","protected":false},"excerpt":{"rendered":"<p>De acuerdo con la trascendencia que tiene la presentaci\u00f3n del programa La m\u00fasica barroca para coro conservada en los libros de la Catedral de Sevilla por el Coro de la SMS, se va a acompa\u00f1ar su puesta en escena con el desarrollo de un curso en la Universidad Hispalense a lo largo del presente a\u00f1o [&hellip;]<\/p>\n","protected":false},"author":1,"featured_media":0,"comment_status":"open","ping_status":"open","sticky":false,"template":"","format":"standard","meta":{"_price":"","_stock":"","_tribe_ticket_header":"","_tribe_default_ticket_provider":"","_tribe_ticket_capacity":"0","_ticket_start_date":"","_ticket_end_date":"","_tribe_ticket_show_description":"","_tribe_ticket_show_not_going":false,"_tribe_ticket_use_global_stock":"","_tribe_ticket_global_stock_level":"","_global_stock_mode":"","_global_stock_cap":"","_tribe_rsvp_for_event":"","_tribe_ticket_going_count":"","_tribe_ticket_not_going_count":"","_tribe_tickets_list":"[]","_tribe_ticket_has_attendee_info_fields":false,"footnotes":"","_tec_slr_enabled":"","_tec_slr_layout":""},"categories":[121],"tags":[],"class_list":["post-727","post","type-post","status-publish","format-standard","hentry","category-anuncios"],"aioseo_notices":[],"ticketed":false,"_links":{"self":[{"href":"https:\/\/smdesevilla.com\/principal\/wp-json\/wp\/v2\/posts\/727","targetHints":{"allow":["GET"]}}],"collection":[{"href":"https:\/\/smdesevilla.com\/principal\/wp-json\/wp\/v2\/posts"}],"about":[{"href":"https:\/\/smdesevilla.com\/principal\/wp-json\/wp\/v2\/types\/post"}],"author":[{"embeddable":true,"href":"https:\/\/smdesevilla.com\/principal\/wp-json\/wp\/v2\/users\/1"}],"replies":[{"embeddable":true,"href":"https:\/\/smdesevilla.com\/principal\/wp-json\/wp\/v2\/comments?post=727"}],"version-history":[{"count":0,"href":"https:\/\/smdesevilla.com\/principal\/wp-json\/wp\/v2\/posts\/727\/revisions"}],"wp:attachment":[{"href":"https:\/\/smdesevilla.com\/principal\/wp-json\/wp\/v2\/media?parent=727"}],"wp:term":[{"taxonomy":"category","embeddable":true,"href":"https:\/\/smdesevilla.com\/principal\/wp-json\/wp\/v2\/categories?post=727"},{"taxonomy":"post_tag","embeddable":true,"href":"https:\/\/smdesevilla.com\/principal\/wp-json\/wp\/v2\/tags?post=727"}],"curies":[{"name":"wp","href":"https:\/\/api.w.org\/{rel}","templated":true}]}}