{"id":651,"date":"2009-07-14T13:17:14","date_gmt":"2009-07-14T12:17:14","guid":{"rendered":"http:\/\/smdesevilla.com\/principal\/?p=651"},"modified":"2010-03-18T13:54:21","modified_gmt":"2010-03-18T12:54:21","slug":"la-sms-participara-en-el-festival-de-musica-antigua","status":"publish","type":"post","link":"https:\/\/smdesevilla.com\/principal\/la-sms-participara-en-el-festival-de-musica-antigua\/","title":{"rendered":"Concierto en el Festival de M\u00fasica Antigua"},"content":{"rendered":"<p style=\"text-align: justify;\"><a href=\"http:\/\/smdesevilla.com\/principal\/wp-content\/uploads\/cartel2010.gif\"><img decoding=\"async\" class=\"size-medium wp-image-794 alignleft\" style=\"float: left; padding-right: 15px;\" title=\"cartel2010\" src=\"http:\/\/smdesevilla.com\/principal\/wp-content\/uploads\/cartel2010-232x300.gif\" alt=\"\" width=\"155\" \/><\/a>La Sociedad Musical de Sevilla\u00a0ofrecer\u00e1 en el\u00a0<strong>FeM\u00e1s 2010<\/strong>, el pr\u00f3ximo <strong>domingo\u00a021 de Marzo<\/strong>, a la una de la tarde, el\u00a0concierto \u00ab<strong>La M\u00fasica barroca para coro conservada\u00a0en los libros de la Catedral de Sevilla\u00bb, <\/strong>en el Real Monasterio de San Clemente, dirigido por <strong>Israel S\u00e1nchez L\u00f3pez, d<\/strong><strong>irector art\u00edstico<\/strong> de la\u00a0Sociedad.<\/p>\n<p><\/p>\n<p style=\"text-align: justify;\">Contar\u00e1 con la colaboraci\u00f3n de <strong>Miguel \u00c1ngel Garc\u00eda<\/strong>, \u00f3rgano, <strong>Lixsania Fern\u00e1ndez<\/strong>, viola da gamba, <strong>M\u00aa Carmen Jim\u00e9nez Molina<\/strong>, tiorba, y <strong>Luis Castillo<\/strong>, baj\u00f3n.<\/p>\n<p>\n<!--more--><\/p>\n<p style=\"text-align: justify;\">El programa ser\u00e1 el siguiente:<\/p>\n<div style=\"margin-left: 170px;\"><strong>I<\/strong><\/p>\n<p>Alonso Lobo (c.1555-1617) [1604-1617]\n<strong>Himno a San Hermenegildo<\/strong><\/p>\n<p>Gaspar de \u00dabeda [1719-1724]\n<strong>Himno a San Jos\u00e9<\/strong><\/p>\n<p>Alonso Lobo<br \/>\n<strong>Himno a las Santas Justa y Rufina<\/strong><\/p>\n<p>Francisco de Peraza (1564-1598)<br \/>\n<strong>Obra de medio registro alto de primer tono, para \u00f3rgano<\/strong><\/p>\n<p>Pedro Rabassa (1683-1767) [1724-1767]\n<strong>Himno a Santa Isabel, reina de Portugal<\/strong><\/p>\n<p>Francisco de Santiago [1617-1643]\n<strong>Himno para la fiesta de la corona de espinas<\/strong><\/p>\n<p>Gabriel de Villarreal [1666-1684]\n<strong>Stabat Mater<\/strong><\/p>\n<p><strong>II<\/strong><\/p>\n<p>Jos\u00e9 de Nebra y Blasco (1702-1768)<br \/>\n<strong>Batalla de clarines, para \u00f3rgano<\/strong><\/p>\n<p>Alonso Xu\u00e1rez [1657-1684]\n<strong>Transeunte Domino (ant\u00edfona)<br \/>\nExiit qui seminat (motete)<br \/>\nIte et vos (ant\u00edfona)<\/strong><\/p>\n<p>Francisco Correa de Arauxo (1584-1654)<br \/>\n<strong>Tiento de quinto tono n\u00ba5 (Alcal\u00e1, 1626), para \u00f3rgano<\/strong><\/p>\n<p>Diego Jos\u00e9 de Salazar (1659-1709) [1685-1709]\n<strong>Gaude Maria Virgo (motete a la Encarnaci\u00f3n)<br \/>\nIn ferventis olei (motete a San Juan)<br \/>\nFactum est praelium (motete al arc\u00e1ngel San Miguel)<\/strong><\/p>\n[Los versos de \u00f3rgano que se interpretan en los himnos son de Antonio de Cabez\u00f3n (1510-1566)][Entre corchetes figuran las fechas en que los compositores trabajaron para la S. I. Catedral de Sevilla]\n<p>Pueden consultar informaci\u00f3n m\u00e1s detallada en www.femas.es<\/p><\/div>\n","protected":false},"excerpt":{"rendered":"<p>La Sociedad Musical de Sevilla\u00a0ofrecer\u00e1 en el\u00a0FeM\u00e1s 2010, el pr\u00f3ximo domingo\u00a021 de Marzo, a la una de la tarde, el\u00a0concierto \u00abLa M\u00fasica barroca para coro conservada\u00a0en los libros de la Catedral de Sevilla\u00bb, en el Real Monasterio de San Clemente, dirigido por Israel S\u00e1nchez L\u00f3pez, director art\u00edstico de la\u00a0Sociedad. Contar\u00e1 con la colaboraci\u00f3n de Miguel [&hellip;]<\/p>\n","protected":false},"author":1,"featured_media":0,"comment_status":"open","ping_status":"open","sticky":false,"template":"","format":"standard","meta":{"_price":"","_stock":"","_tribe_ticket_header":"","_tribe_default_ticket_provider":"","_tribe_ticket_capacity":"0","_ticket_start_date":"","_ticket_end_date":"","_tribe_ticket_show_description":"","_tribe_ticket_show_not_going":false,"_tribe_ticket_use_global_stock":"","_tribe_ticket_global_stock_level":"","_global_stock_mode":"","_global_stock_cap":"","_tribe_rsvp_for_event":"","_tribe_ticket_going_count":"","_tribe_ticket_not_going_count":"","_tribe_tickets_list":"[]","_tribe_ticket_has_attendee_info_fields":false,"footnotes":"","_tec_slr_enabled":"","_tec_slr_layout":""},"categories":[3],"tags":[],"class_list":["post-651","post","type-post","status-publish","format-standard","hentry","category-conciertos-y-actividades"],"aioseo_notices":[],"ticketed":false,"_links":{"self":[{"href":"https:\/\/smdesevilla.com\/principal\/wp-json\/wp\/v2\/posts\/651","targetHints":{"allow":["GET"]}}],"collection":[{"href":"https:\/\/smdesevilla.com\/principal\/wp-json\/wp\/v2\/posts"}],"about":[{"href":"https:\/\/smdesevilla.com\/principal\/wp-json\/wp\/v2\/types\/post"}],"author":[{"embeddable":true,"href":"https:\/\/smdesevilla.com\/principal\/wp-json\/wp\/v2\/users\/1"}],"replies":[{"embeddable":true,"href":"https:\/\/smdesevilla.com\/principal\/wp-json\/wp\/v2\/comments?post=651"}],"version-history":[{"count":0,"href":"https:\/\/smdesevilla.com\/principal\/wp-json\/wp\/v2\/posts\/651\/revisions"}],"wp:attachment":[{"href":"https:\/\/smdesevilla.com\/principal\/wp-json\/wp\/v2\/media?parent=651"}],"wp:term":[{"taxonomy":"category","embeddable":true,"href":"https:\/\/smdesevilla.com\/principal\/wp-json\/wp\/v2\/categories?post=651"},{"taxonomy":"post_tag","embeddable":true,"href":"https:\/\/smdesevilla.com\/principal\/wp-json\/wp\/v2\/tags?post=651"}],"curies":[{"name":"wp","href":"https:\/\/api.w.org\/{rel}","templated":true}]}}