{"id":5882,"date":"2014-06-19T19:19:26","date_gmt":"2014-06-19T18:19:26","guid":{"rendered":"http:\/\/smdesevilla.com\/principal\/?p=5882"},"modified":"2014-10-04T12:56:07","modified_gmt":"2014-10-04T11:56:07","slug":"concierto-21-de-junio-%c2%b7-dia-de-la-musica-2014","status":"publish","type":"post","link":"https:\/\/smdesevilla.com\/principal\/concierto-21-de-junio-%c2%b7-dia-de-la-musica-2014\/","title":{"rendered":"Concierto 21 de junio \u00b7 D\u00eda de la M\u00fasica 2014"},"content":{"rendered":"<p><a href=\"\/principal\/wp-content\/uploads\/DEM2014.jpg\"><img decoding=\"async\" class=\"imagepost size-medium wp-image-154\" title=\"vic\" alt=\"\" src=\"\/principal\/wp-content\/uploads\/DEM2014.jpg\" width=\"170\" \/><\/a><\/p>\n<div style=\"padding-left: 183px; text-align: justify; font-size: 12px;\">El pr\u00f3ximo s\u00e1bado 21 de junio, dentro de los actos del D\u00eda de la M\u00fasica 2014, el Coro de la Sociedad Musical de Sevilla interpretar\u00e1 un concierto compuesto por varios motetes y la misa \u00abO quam gloriosum\u00bb de Tom\u00e1s Luis de Victoria. El concierto tendr\u00e1 lugar en la Sala B del Teatro de la Maestranza, a las 12.30 del mediod\u00eda.PROGRAMA:<\/p>\n<p>Motete <em> O quam gloriosum est regnum<\/em><\/p>\n<p>Missa <em>O quam gloriosum<\/em><\/p>\n<p>Motetes<\/p>\n<p><em>Nigra sum sed formosa<\/em><br \/>\n<em>Ne timeas Maria<\/em><br \/>\n<em>Congratulamini mihi<\/em><\/p>\n<\/div>\n","protected":false},"excerpt":{"rendered":"<p>El pr\u00f3ximo s\u00e1bado 21 de junio, dentro de los actos del D\u00eda de la M\u00fasica 2014, el Coro de la Sociedad Musical de Sevilla interpretar\u00e1 un concierto compuesto por varios motetes y la misa \u00abO quam gloriosum\u00bb de Tom\u00e1s Luis de Victoria. El concierto tendr\u00e1 lugar en la Sala B del Teatro de la Maestranza, [&hellip;]<\/p>\n","protected":false},"author":1,"featured_media":0,"comment_status":"open","ping_status":"open","sticky":false,"template":"","format":"standard","meta":{"_price":"","_stock":"","_tribe_ticket_header":"","_tribe_default_ticket_provider":"","_tribe_ticket_capacity":"0","_ticket_start_date":"","_ticket_end_date":"","_tribe_ticket_show_description":"","_tribe_ticket_show_not_going":false,"_tribe_ticket_use_global_stock":"","_tribe_ticket_global_stock_level":"","_global_stock_mode":"","_global_stock_cap":"","_tribe_rsvp_for_event":"","_tribe_ticket_going_count":"","_tribe_ticket_not_going_count":"","_tribe_tickets_list":"[]","_tribe_ticket_has_attendee_info_fields":false,"footnotes":"","_tec_slr_enabled":"","_tec_slr_layout":""},"categories":[1,6],"tags":[134],"class_list":["post-5882","post","type-post","status-publish","format-standard","hentry","category-general","category-noticias","tag-featured"],"aioseo_notices":[],"ticketed":false,"_links":{"self":[{"href":"https:\/\/smdesevilla.com\/principal\/wp-json\/wp\/v2\/posts\/5882","targetHints":{"allow":["GET"]}}],"collection":[{"href":"https:\/\/smdesevilla.com\/principal\/wp-json\/wp\/v2\/posts"}],"about":[{"href":"https:\/\/smdesevilla.com\/principal\/wp-json\/wp\/v2\/types\/post"}],"author":[{"embeddable":true,"href":"https:\/\/smdesevilla.com\/principal\/wp-json\/wp\/v2\/users\/1"}],"replies":[{"embeddable":true,"href":"https:\/\/smdesevilla.com\/principal\/wp-json\/wp\/v2\/comments?post=5882"}],"version-history":[{"count":0,"href":"https:\/\/smdesevilla.com\/principal\/wp-json\/wp\/v2\/posts\/5882\/revisions"}],"wp:attachment":[{"href":"https:\/\/smdesevilla.com\/principal\/wp-json\/wp\/v2\/media?parent=5882"}],"wp:term":[{"taxonomy":"category","embeddable":true,"href":"https:\/\/smdesevilla.com\/principal\/wp-json\/wp\/v2\/categories?post=5882"},{"taxonomy":"post_tag","embeddable":true,"href":"https:\/\/smdesevilla.com\/principal\/wp-json\/wp\/v2\/tags?post=5882"}],"curies":[{"name":"wp","href":"https:\/\/api.w.org\/{rel}","templated":true}]}}