{"id":539,"date":"2009-03-25T02:03:16","date_gmt":"2009-03-25T00:03:16","guid":{"rendered":"http:\/\/smdesevilla.com\/principal\/?p=539"},"modified":"2009-03-25T02:03:16","modified_gmt":"2009-03-25T00:03:16","slug":"tourdion","status":"publish","type":"post","link":"https:\/\/smdesevilla.com\/principal\/tourdion\/","title":{"rendered":"Tourdion"},"content":{"rendered":"<p>Un excelente coro belga canta un tambi\u00e9n excelente Tourdion.<\/p>\n<p style=\"text-align: center;\"><object width=\"518\" height=\"415\" data=\"http:\/\/www.youtube.com\/v\/_XHPtsONBOs&amp;hl=es&amp;fs=1\" type=\"application\/x-shockwave-flash\"><param name=\"src\" value=\"http:\/\/www.youtube.com\/v\/_XHPtsONBOs&amp;hl=es&amp;fs=1\" \/><\/object><\/p>\n<p>Pod\u00e9is saber m\u00e1s sobre ellos <a href=\"http:\/\/www.c-koren.com\/caljente\/index.htm\" target=\"_blank\">aqu\u00ed<\/a>, eso s\u00ed, si sab\u00e9is holand\u00e9s.<\/p>\n","protected":false},"excerpt":{"rendered":"<p>Un excelente coro belga canta un tambi\u00e9n excelente Tourdion. Pod\u00e9is saber m\u00e1s sobre ellos aqu\u00ed, eso s\u00ed, si sab\u00e9is holand\u00e9s.<\/p>\n","protected":false},"author":1,"featured_media":0,"comment_status":"open","ping_status":"open","sticky":false,"template":"","format":"standard","meta":{"_price":"","_stock":"","_tribe_ticket_header":"","_tribe_default_ticket_provider":"","_tribe_ticket_capacity":"0","_ticket_start_date":"","_ticket_end_date":"","_tribe_ticket_show_description":"","_tribe_ticket_show_not_going":false,"_tribe_ticket_use_global_stock":"","_tribe_ticket_global_stock_level":"","_global_stock_mode":"","_global_stock_cap":"","_tribe_rsvp_for_event":"","_tribe_ticket_going_count":"","_tribe_ticket_not_going_count":"","_tribe_tickets_list":"[]","_tribe_ticket_has_attendee_info_fields":false,"footnotes":"","_tec_slr_enabled":"","_tec_slr_layout":""},"categories":[7],"tags":[],"class_list":["post-539","post","type-post","status-publish","format-standard","hentry","category-revista-de-la-musica"],"aioseo_notices":[],"ticketed":false,"_links":{"self":[{"href":"https:\/\/smdesevilla.com\/principal\/wp-json\/wp\/v2\/posts\/539","targetHints":{"allow":["GET"]}}],"collection":[{"href":"https:\/\/smdesevilla.com\/principal\/wp-json\/wp\/v2\/posts"}],"about":[{"href":"https:\/\/smdesevilla.com\/principal\/wp-json\/wp\/v2\/types\/post"}],"author":[{"embeddable":true,"href":"https:\/\/smdesevilla.com\/principal\/wp-json\/wp\/v2\/users\/1"}],"replies":[{"embeddable":true,"href":"https:\/\/smdesevilla.com\/principal\/wp-json\/wp\/v2\/comments?post=539"}],"version-history":[{"count":0,"href":"https:\/\/smdesevilla.com\/principal\/wp-json\/wp\/v2\/posts\/539\/revisions"}],"wp:attachment":[{"href":"https:\/\/smdesevilla.com\/principal\/wp-json\/wp\/v2\/media?parent=539"}],"wp:term":[{"taxonomy":"category","embeddable":true,"href":"https:\/\/smdesevilla.com\/principal\/wp-json\/wp\/v2\/categories?post=539"},{"taxonomy":"post_tag","embeddable":true,"href":"https:\/\/smdesevilla.com\/principal\/wp-json\/wp\/v2\/tags?post=539"}],"curies":[{"name":"wp","href":"https:\/\/api.w.org\/{rel}","templated":true}]}}