{"id":4270,"date":"2013-12-27T21:39:31","date_gmt":"2013-12-27T20:39:31","guid":{"rendered":"http:\/\/smdesevilla.com\/principal\/?p=4270"},"modified":"2014-03-18T15:04:52","modified_gmt":"2014-03-18T14:04:52","slug":"nueva-produccion-de-la-sociedad-musical-o-crux","status":"publish","type":"post","link":"https:\/\/smdesevilla.com\/principal\/nueva-produccion-de-la-sociedad-musical-o-crux\/","title":{"rendered":"Nueva producci\u00f3n de la Sociedad Musical: <strong>O Crux<\/strong>"},"content":{"rendered":"<p><a href=\"\/principal\/wp-content\/uploads\/OCRUX.jpg\"><img decoding=\"async\" class=\"imagepost size-medium wp-image-154\" title=\"o_crux\" alt=\"\" src=\"\/principal\/wp-content\/uploads\/OCRUX.jpg\" width=\"160\" \/><\/a><\/p>\n<div style=\"padding-left: 170px; text-align: justify; font-size:12px; \">\nEl comienzo de 2014 marca el inicio de la preparaci\u00f3n de la pr\u00f3xima producci\u00f3n de la Sociedad Musical de Sevilla.<\/p>\n<p>Con el t\u00edtulo <strong>O Crux<\/strong>, el director brit\u00e1nico <strong>Rupert Damerell<\/strong> ilustrar\u00e1 la Semana Santa mediante un contraste de \u00e9pocas, interpretando obras pertenecientes al renacimiento ingl\u00e9s y espa\u00f1ol &#8211;por una parte William Byrd y Thomas Tallis y por otra Crist\u00f3bal de Morales y Francisco Guerrero&#8211; junto a otras contempor\u00e1neas entre las que se incluyen composiciones del norteamericano Samuel Barber, del recientemente fallecido m\u00fasico brit\u00e1nico John Tavener y del gal\u00e9s Paul Mealor.<\/p>\n<p>Los ensayos se desarrollar\u00e1n de enero a marzo y los conciertos se anunciar\u00e1n pr\u00f3ximamente. <!--more--><\/p>\n<\/div>\n<hr \/>\n<p><a href=\"\/principal\/wp-content\/uploads\/damm.jpg\"><img decoding=\"async\" style=\"padding-top: 12px;\" class=\"imagepost size-medium wp-image-154\" title=\"damm\" alt=\"\" src=\"\/principal\/wp-content\/uploads\/damm.jpg\" width=\"160\" \/><\/a><\/p>\n<div style=\"padding-left: 170px; text-align: justify;\">\n<p><strong>Rupert Damerell, <\/strong>director<\/p>\n<p>Comenz\u00f3 su experiencia musical en el Coro de la Capilla del Castillo de Windsor a los 8 a\u00f1os de edad, donde empez\u00f3 sus estudios de \u00f3rgano con 10 a\u00f1os. Su etapa escolar transcurri\u00f3 en el conocido colegio de Eton, donde prosigui\u00f3 su formaci\u00f3n musical. Tambi\u00e9n estudi\u00f3 viol\u00edn en la escuela Julliard en Nueva York, instrumento que toc\u00f3 en la Orquesta Joven Nacional de Gran Breta\u00f1a, su pa\u00eds natal.<\/p>\n<p>Es Licenciado en Musicolog\u00eda por la Universidad de Cambridge y organista por el Royal College of Organists de Londres.<\/p>\n<p>Durante su etapa universitaria form\u00f3 parte del famoso Coro del King\u2019s College de Cambridge, con el que particip\u00f3 en numerosas grabaciones, cantando posteriormente con el Coro de la Abad\u00eda de Westminster, Catedral de Westminster, Catedral de San Pablo de Londres, Catedral Americana de Par\u00eds y otras importantes iglesias e Instituciones.<\/p>\n<p>Su gran versatilidad musical viene dada por sus estudios, que abarcan distintos instrumentos y campos y los curs\u00f3, entre otros, con los siguientes profesores:<\/p>\n<p>Estudios de viol\u00edn con Jean Harvey y Clarence Myerscough (Royal Academy of Music, Londres), Dorothy Delay (Julliard School, Nueva York) y Wolfgang Marschner (Friburgo, Alemania).<\/p>\n<p>Estudios de piano con David Owen Norris y Jean Harvey (Royal Academy of Music, Londres) y Stephen Bishop Kovacevich.<\/p>\n<p>Estudios de \u00f3rgano con Thomas Trotter, Stephen Cleobury, John Harper y Naji Hakim.<\/p>\n<p>Estudios de canto con Ashley Stafford (Royal College of Music, Londres) Emma Kirkby, Evelyn Tubb y Michael Chance.<\/p>\n<p>Estudios de direcci\u00f3n coral con Anthony Hopkins, Stephen Cleobury, Peter Phillips y Paul Goodwin.<\/p>\n<p>Residente en Madrid desde 2002, canta a nivel profesional con diversos grupos de m\u00fasica antigua en Europa, entre los que destacan Huelgas Ensemble, Opera Fuoco, Teatro de la \u00d3pera de Par\u00eds, Ensemble Oculum, Los M\u00fasicos de su Alteza, Proyecto Guerrero, Ars Combinatoria y Capilla Pr\u00edncipe de Viana.<br \/>\nActualmente, es director del Zenobia Consort, Coro EOI, y del Coro y Escolan\u00eda del Colegio Sagrado Coraz\u00f3n de Chamart\u00edn de Madrid, organista del grupo Alborada, y organista y cantor de la Parroquia de la Araucana. Tambi\u00e9n dirige el grupo instrumental Palmyra Ensemble, especializado en la m\u00fasica barroca italiana.<\/p>\n<p>En los \u00faltimos a\u00f1os ha trabajado en proyectos corales con conocidos maestros, algunos de ellos compa\u00f1eros o profesores suyos de la etapa en el King\u00b4s College, como son Stephen Layton, Peter Phillips, Michael Noone o Erik Van Nevel.<\/p>\n<p>En lo relativo a cursos corales, en los \u00faltimos a\u00f1os ha dise\u00f1ado, dirigido e impartido varios cursos sobre m\u00fasica coral entre los que destacan la Semana Internacional de Canto de \u00c1vila 2011 y 2012, donde ha contado con profesores de la talla de Magdalena Padilla, Pabo Zapico, Pablo Acosta, John Bowley y Nicki Kennedy.\u00a0 En la edici\u00f3n de 2013 la Semana Internacional de Canto se centr\u00f3 en la m\u00fasica italiana de la \u00e9poca de Victoria, con Vera Marenco y Vincenzo Scarafile como profesores. Tambi\u00e9n ha trabajado en cursos en Santander, como el Curso de Direcci\u00f3n Coral en la Universidad de Cantabria y en las XI Jornadas Internacionales de M\u00fasica Coral.<\/p>\n<p>Como director de Zenobia Consort, ha dirigido a esta agrupaci\u00f3n en distintos conciertos, entre los que destacan el que compartieron en enero de 2013 con el Coro del Gonville &amp; Caius College de Cambridge y la Pasi\u00f3n seg\u00fan San Mateo de Sch\u00fctz que interpretaron en el Festival de Arte Sacro de la Comunidad de Madrid en febrero de 2013. Recientemente Zenobia Consort ha interpretado con gran \u00e9xito el R\u00e9quiem y motetes de Durufl\u00e9 en la Catedral de Alcal\u00e1 de Henares y Parroquia de Santa Mar\u00eda en Madrid.<\/p>\n<p>En mayo de 2013, Rupert Damerell particip\u00f3 tocando el \u00f3rgano en un concierto ben\u00e9fico en el Auditorio Nacional de Madrid organizado por la Fundaci\u00f3n San Patricio y en el que cant\u00f3 el coro de dicha Fundaci\u00f3n y uno de los coros bajo su Direcci\u00f3n, el Coro EOI. Con este coro ha ofrecido recientemente una versi\u00f3n del Mesias de H\u00e4ndel en la que cont\u00f3 con la formaci\u00f3n Palmyra Ensemble y toc\u00f3 el clave acompa\u00f1ando la orquesta y coro, bajo su direcci\u00f3n.<\/p>\n<p>En agosto de 2013, Rupert Damerell ha sido codirector con Peter Phillips del curso de m\u00fasica vocal sobre Tom\u00e1s Luis de Victoria que se celebr\u00f3 en \u00c1vila formando parte del Festival Abvlensis y que culmin\u00f3 con un concierto dirigido por el Maestro Phillips (Director de los Tallis Scholars) en el Real Monasterio de Santo Tom\u00e1s.<\/p>\n<\/div>\n","protected":false},"excerpt":{"rendered":"<p>El comienzo de 2014 marca el inicio de la preparaci\u00f3n de la pr\u00f3xima producci\u00f3n de la Sociedad Musical de Sevilla. Con el t\u00edtulo O Crux, el director brit\u00e1nico Rupert Damerell ilustrar\u00e1 la Semana Santa mediante un contraste de \u00e9pocas, interpretando obras pertenecientes al renacimiento ingl\u00e9s y espa\u00f1ol &#8211;por una parte William Byrd y Thomas Tallis [&hellip;]<\/p>\n","protected":false},"author":1,"featured_media":0,"comment_status":"open","ping_status":"open","sticky":false,"template":"","format":"standard","meta":{"_price":"","_stock":"","_tribe_ticket_header":"","_tribe_default_ticket_provider":"","_tribe_ticket_capacity":"0","_ticket_start_date":"","_ticket_end_date":"","_tribe_ticket_show_description":"","_tribe_ticket_show_not_going":false,"_tribe_ticket_use_global_stock":"","_tribe_ticket_global_stock_level":"","_global_stock_mode":"","_global_stock_cap":"","_tribe_rsvp_for_event":"","_tribe_ticket_going_count":"","_tribe_ticket_not_going_count":"","_tribe_tickets_list":"[]","_tribe_ticket_has_attendee_info_fields":false,"footnotes":"","_tec_slr_enabled":"","_tec_slr_layout":""},"categories":[1],"tags":[],"class_list":["post-4270","post","type-post","status-publish","format-standard","hentry","category-general"],"aioseo_notices":[],"ticketed":false,"_links":{"self":[{"href":"https:\/\/smdesevilla.com\/principal\/wp-json\/wp\/v2\/posts\/4270","targetHints":{"allow":["GET"]}}],"collection":[{"href":"https:\/\/smdesevilla.com\/principal\/wp-json\/wp\/v2\/posts"}],"about":[{"href":"https:\/\/smdesevilla.com\/principal\/wp-json\/wp\/v2\/types\/post"}],"author":[{"embeddable":true,"href":"https:\/\/smdesevilla.com\/principal\/wp-json\/wp\/v2\/users\/1"}],"replies":[{"embeddable":true,"href":"https:\/\/smdesevilla.com\/principal\/wp-json\/wp\/v2\/comments?post=4270"}],"version-history":[{"count":0,"href":"https:\/\/smdesevilla.com\/principal\/wp-json\/wp\/v2\/posts\/4270\/revisions"}],"wp:attachment":[{"href":"https:\/\/smdesevilla.com\/principal\/wp-json\/wp\/v2\/media?parent=4270"}],"wp:term":[{"taxonomy":"category","embeddable":true,"href":"https:\/\/smdesevilla.com\/principal\/wp-json\/wp\/v2\/categories?post=4270"},{"taxonomy":"post_tag","embeddable":true,"href":"https:\/\/smdesevilla.com\/principal\/wp-json\/wp\/v2\/tags?post=4270"}],"curies":[{"name":"wp","href":"https:\/\/api.w.org\/{rel}","templated":true}]}}