{"id":4230,"date":"2013-10-16T12:49:48","date_gmt":"2013-10-16T11:49:48","guid":{"rendered":"http:\/\/smdesevilla.com\/principal\/?p=4230"},"modified":"2013-11-18T17:21:12","modified_gmt":"2013-11-18T16:21:12","slug":"ciclo-organos-historicos-de-sevilla-un-patrimonio-sonoro","status":"publish","type":"post","link":"https:\/\/smdesevilla.com\/principal\/ciclo-organos-historicos-de-sevilla-un-patrimonio-sonoro\/","title":{"rendered":"Ciclo \u00ab\u00d3rganos hist\u00f3ricos de Sevilla: Un patrimonio sonoro\u00bb"},"content":{"rendered":"<div><img decoding=\"async\" class=\"imagepost size-medium wp-image-154\" title=\"org\" alt=\"\" src=\"http:\/\/smdesevilla.com\/principal\/wp-content\/uploads\/org.jpg\" width=\"160\" \/><\/div>\n<div style=\"padding-left: 175px;\">Del 11 al 26 de octubre se celebra en Sevilla el ciclo \u00ab\u00d3rganos hist\u00f3ricos de Sevilla: Un patrimonio sonoro. El \u00f3rgano de las naciones: Alemania e Italia\u00bb junto a un conjunto de actividades paralelas relacionadas, organizado por el ICAS y con la colaboraci\u00f3n del Conservatorio Profesional de M\u00fasica \u00abCrist\u00f3bal de Morales\u00bb. M\u00e1s informaci\u00f3n <a href=\"http:\/\/www.icas-sevilla.org\/organos-historicos-de-sevilla\/\">aqu\u00ed<\/a>.<\/div>\n","protected":false},"excerpt":{"rendered":"<p>Del 11 al 26 de octubre se celebra en Sevilla el ciclo \u00ab\u00d3rganos hist\u00f3ricos de Sevilla: Un patrimonio sonoro. El \u00f3rgano de las naciones: Alemania e Italia\u00bb junto a un conjunto de actividades paralelas relacionadas, organizado por el ICAS y con la colaboraci\u00f3n del Conservatorio Profesional de M\u00fasica \u00abCrist\u00f3bal de Morales\u00bb. M\u00e1s informaci\u00f3n aqu\u00ed.<\/p>\n","protected":false},"author":1,"featured_media":0,"comment_status":"open","ping_status":"open","sticky":false,"template":"","format":"standard","meta":{"_price":"","_stock":"","_tribe_ticket_header":"","_tribe_default_ticket_provider":"","_tribe_ticket_capacity":"0","_ticket_start_date":"","_ticket_end_date":"","_tribe_ticket_show_description":"","_tribe_ticket_show_not_going":false,"_tribe_ticket_use_global_stock":"","_tribe_ticket_global_stock_level":"","_global_stock_mode":"","_global_stock_cap":"","_tribe_rsvp_for_event":"","_tribe_ticket_going_count":"","_tribe_ticket_not_going_count":"","_tribe_tickets_list":"[]","_tribe_ticket_has_attendee_info_fields":false,"footnotes":"","_tec_slr_enabled":"","_tec_slr_layout":""},"categories":[1],"tags":[],"class_list":["post-4230","post","type-post","status-publish","format-standard","hentry","category-general"],"aioseo_notices":[],"ticketed":false,"_links":{"self":[{"href":"https:\/\/smdesevilla.com\/principal\/wp-json\/wp\/v2\/posts\/4230","targetHints":{"allow":["GET"]}}],"collection":[{"href":"https:\/\/smdesevilla.com\/principal\/wp-json\/wp\/v2\/posts"}],"about":[{"href":"https:\/\/smdesevilla.com\/principal\/wp-json\/wp\/v2\/types\/post"}],"author":[{"embeddable":true,"href":"https:\/\/smdesevilla.com\/principal\/wp-json\/wp\/v2\/users\/1"}],"replies":[{"embeddable":true,"href":"https:\/\/smdesevilla.com\/principal\/wp-json\/wp\/v2\/comments?post=4230"}],"version-history":[{"count":0,"href":"https:\/\/smdesevilla.com\/principal\/wp-json\/wp\/v2\/posts\/4230\/revisions"}],"wp:attachment":[{"href":"https:\/\/smdesevilla.com\/principal\/wp-json\/wp\/v2\/media?parent=4230"}],"wp:term":[{"taxonomy":"category","embeddable":true,"href":"https:\/\/smdesevilla.com\/principal\/wp-json\/wp\/v2\/categories?post=4230"},{"taxonomy":"post_tag","embeddable":true,"href":"https:\/\/smdesevilla.com\/principal\/wp-json\/wp\/v2\/tags?post=4230"}],"curies":[{"name":"wp","href":"https:\/\/api.w.org\/{rel}","templated":true}]}}