{"id":319,"date":"2008-11-26T02:37:39","date_gmt":"2008-11-26T00:37:39","guid":{"rendered":"http:\/\/smdesevilla.com\/principal\/?p=319"},"modified":"2008-11-26T19:34:11","modified_gmt":"2008-11-26T17:34:11","slug":"y-van-siete","status":"publish","type":"post","link":"https:\/\/smdesevilla.com\/principal\/y-van-siete\/","title":{"rendered":"Y van siete"},"content":{"rendered":"<p><a href=\"http:\/\/smdesevilla.com\/principal\/wp-content\/uploads\/mes1.jpg\"><img decoding=\"async\" class=\"alignnone size-full wp-image-320\" title=\"Es el s\u00e9ptimo Mes\u00edas Participativo que se organiza en Sevilla, el segundo en el que la SMS tiene responsabilidad organizativa. Muchos llegamos a la SMS por El Mes\u00edas, y ahora llegamos a El Mes\u00edas por la SMS. Se cierra el c\u00edrculo, en fin...\" src=\"http:\/\/smdesevilla.com\/principal\/wp-content\/uploads\/mes1.jpg\" alt=\"\" width=\"520\" \/><\/a><\/p>\n","protected":false},"excerpt":{"rendered":"","protected":false},"author":1,"featured_media":0,"comment_status":"open","ping_status":"open","sticky":false,"template":"","format":"standard","meta":{"_price":"","_stock":"","_tribe_ticket_header":"","_tribe_default_ticket_provider":"","_tribe_ticket_capacity":"0","_ticket_start_date":"","_ticket_end_date":"","_tribe_ticket_show_description":"","_tribe_ticket_show_not_going":false,"_tribe_ticket_use_global_stock":"","_tribe_ticket_global_stock_level":"","_global_stock_mode":"","_global_stock_cap":"","_tribe_rsvp_for_event":"","_tribe_ticket_going_count":"","_tribe_ticket_not_going_count":"","_tribe_tickets_list":"[]","_tribe_ticket_has_attendee_info_fields":false,"footnotes":"","_tec_slr_enabled":"","_tec_slr_layout":""},"categories":[8],"tags":[89,118,119],"class_list":["post-319","post","type-post","status-publish","format-standard","hentry","category-fotoblog","tag-mesias","tag-navidad","tag-nostalgia"],"aioseo_notices":[],"ticketed":false,"_links":{"self":[{"href":"https:\/\/smdesevilla.com\/principal\/wp-json\/wp\/v2\/posts\/319","targetHints":{"allow":["GET"]}}],"collection":[{"href":"https:\/\/smdesevilla.com\/principal\/wp-json\/wp\/v2\/posts"}],"about":[{"href":"https:\/\/smdesevilla.com\/principal\/wp-json\/wp\/v2\/types\/post"}],"author":[{"embeddable":true,"href":"https:\/\/smdesevilla.com\/principal\/wp-json\/wp\/v2\/users\/1"}],"replies":[{"embeddable":true,"href":"https:\/\/smdesevilla.com\/principal\/wp-json\/wp\/v2\/comments?post=319"}],"version-history":[{"count":0,"href":"https:\/\/smdesevilla.com\/principal\/wp-json\/wp\/v2\/posts\/319\/revisions"}],"wp:attachment":[{"href":"https:\/\/smdesevilla.com\/principal\/wp-json\/wp\/v2\/media?parent=319"}],"wp:term":[{"taxonomy":"category","embeddable":true,"href":"https:\/\/smdesevilla.com\/principal\/wp-json\/wp\/v2\/categories?post=319"},{"taxonomy":"post_tag","embeddable":true,"href":"https:\/\/smdesevilla.com\/principal\/wp-json\/wp\/v2\/tags?post=319"}],"curies":[{"name":"wp","href":"https:\/\/api.w.org\/{rel}","templated":true}]}}