{"id":294,"date":"2008-11-21T01:45:25","date_gmt":"2008-11-20T23:45:25","guid":{"rendered":"http:\/\/smdesevilla.com\/principal\/?p=294"},"modified":"2008-11-21T01:55:15","modified_gmt":"2008-11-20T23:55:15","slug":"sms-20","status":"publish","type":"post","link":"https:\/\/smdesevilla.com\/principal\/sms-20\/","title":{"rendered":"SMS 2.0"},"content":{"rendered":"<p style=\"text-align: justify;\">Seg\u00fan la Wikipedia, \u00ab<em>El t\u00e9rmino Web 2.0 fue acu\u00f1ado por Tim O&#8217;Reilly en 2004 para referirse a una segunda generaci\u00f3n en la historia de la Web, basada en comunidades de usuarios y una gama especial de servicios, como las redes sociales, los blogs, los wikis o las folcsonom\u00edas, que fomentan la colaboraci\u00f3n y el intercambio \u00e1gil de informaci\u00f3n entre los usuarios<\/em>\u00ab.<\/p>\n<p style=\"text-align: justify;\">La historia web de la Sociedad Musical de Sevilla comienza en 2004, pr\u00e1cticamente a la vez que su historia musical. Creo personalmente que para que cualquier proyecto tenga \u00e9xito, es fundamental utilizar todos los recursos disponibles, y en el caso de la SMS, la web, en principio como elemento de comunicaci\u00f3n entre socios, era uno de esos recursos.<\/p>\n<p style=\"text-align: justify;\">En septiembre de 2008 la Sociedad ha cumplido cinco a\u00f1os. En enero de 2009 lo har\u00e1 su coro. En ese tiempo, diecis\u00e9is producciones han visto la luz y se han ofrecido treinta y dos conciertos. En tiempo web, es como si hubieran pasado veinte a\u00f1os; por desgracia, lo tecnol\u00f3gico est\u00e1 demod\u00e9 mucho antes que todo lo dem\u00e1s.<\/p>\n<p style=\"text-align: justify;\">Lo que empez\u00f3 siendo una sencilla y \u00fatil p\u00e1gina -que dise\u00f1\u00f3 nuestro compa\u00f1ero Benjam\u00edn Castillo-, se ha ido convirtiendo en algo m\u00e1s y m\u00e1s complejo, y no sabemos si m\u00e1s \u00fatil o no. Eso lo dir\u00e9is los socios y lo dir\u00e1n los usuarios que nos visiten. Lo que s\u00ed es cierto es que el primer objetivo de la SMS, recogido en sus estatutos, es \u00abpromover la m\u00fasica coral y actividades vinculadas a la cultura musical\u00bb. Como agrupaci\u00f3n local y amateur, nuestro \u00e1mbito de actuaci\u00f3n es l\u00f3gicamente limitado, pero la promoci\u00f3n y la divulgaci\u00f3n de la cultura musical, gracias a la sociedad de la informaci\u00f3n, en la pr\u00e1ctica carece de esos l\u00edmites.<\/p>\n<p style=\"text-align: justify;\">Es cierto que el sitio web ha cumplido su objetivo en estos a\u00f1os para con sus socios, pero en lo que respecta a la proyecci\u00f3n externa, estaba anticuada; parada, no ofrec\u00eda nada nuevo al visitante, pese a la continua actividad \u00abf\u00edsica\u00bb del coro.<\/p>\n<p style=\"text-align: justify;\">El objetivo de la nueva web de la Sociedad Musical de Sevilla es dar un paso m\u00e1s all\u00e1 que la simple comunicaci\u00f3n entre socios. Es probable que tengamos cosas que anunciar, historias que contar, o espacio que ofrecer a otros que tengan algo interesante que decir. \u00abFomentar la colaboraci\u00f3n y el intercambio \u00e1gil de informaci\u00f3n entre los usuarios\u00bb. La m\u00fasica cl\u00e1sica se empieza a vender ya por internet. Falta poco para el primer estreno mundial v\u00eda web de alguna sinfon\u00eda.<\/p>\n<p style=\"text-align: justify;\">Valga la parrafada como presentaci\u00f3n, y como acicate para la participaci\u00f3n de todos los lectores de la p\u00e1gina. Hablemos de m\u00fasica por aqu\u00ed.<\/p>\n","protected":false},"excerpt":{"rendered":"<p>Seg\u00fan la Wikipedia, \u00abEl t\u00e9rmino Web 2.0 fue acu\u00f1ado por Tim O&#8217;Reilly en 2004 para referirse a una segunda generaci\u00f3n en la historia de la Web, basada en comunidades de usuarios y una gama especial de servicios, como las redes sociales, los blogs, los wikis o las folcsonom\u00edas, que fomentan la colaboraci\u00f3n y el intercambio [&hellip;]<\/p>\n","protected":false},"author":1,"featured_media":0,"comment_status":"open","ping_status":"open","sticky":false,"template":"","format":"standard","meta":{"_price":"","_stock":"","_tribe_ticket_header":"","_tribe_default_ticket_provider":"","_tribe_ticket_capacity":"0","_ticket_start_date":"","_ticket_end_date":"","_tribe_ticket_show_description":"","_tribe_ticket_show_not_going":false,"_tribe_ticket_use_global_stock":"","_tribe_ticket_global_stock_level":"","_global_stock_mode":"","_global_stock_cap":"","_tribe_rsvp_for_event":"","_tribe_ticket_going_count":"","_tribe_ticket_not_going_count":"","_tribe_tickets_list":"[]","_tribe_ticket_has_attendee_info_fields":false,"footnotes":"","_tec_slr_enabled":"","_tec_slr_layout":""},"categories":[1],"tags":[71,53,107,96],"class_list":["post-294","post","type-post","status-publish","format-standard","hentry","category-general","tag-musica","tag-presentacion","tag-sms","tag-web"],"aioseo_notices":[],"ticketed":false,"_links":{"self":[{"href":"https:\/\/smdesevilla.com\/principal\/wp-json\/wp\/v2\/posts\/294","targetHints":{"allow":["GET"]}}],"collection":[{"href":"https:\/\/smdesevilla.com\/principal\/wp-json\/wp\/v2\/posts"}],"about":[{"href":"https:\/\/smdesevilla.com\/principal\/wp-json\/wp\/v2\/types\/post"}],"author":[{"embeddable":true,"href":"https:\/\/smdesevilla.com\/principal\/wp-json\/wp\/v2\/users\/1"}],"replies":[{"embeddable":true,"href":"https:\/\/smdesevilla.com\/principal\/wp-json\/wp\/v2\/comments?post=294"}],"version-history":[{"count":0,"href":"https:\/\/smdesevilla.com\/principal\/wp-json\/wp\/v2\/posts\/294\/revisions"}],"wp:attachment":[{"href":"https:\/\/smdesevilla.com\/principal\/wp-json\/wp\/v2\/media?parent=294"}],"wp:term":[{"taxonomy":"category","embeddable":true,"href":"https:\/\/smdesevilla.com\/principal\/wp-json\/wp\/v2\/categories?post=294"},{"taxonomy":"post_tag","embeddable":true,"href":"https:\/\/smdesevilla.com\/principal\/wp-json\/wp\/v2\/tags?post=294"}],"curies":[{"name":"wp","href":"https:\/\/api.w.org\/{rel}","templated":true}]}}