{"id":253,"date":"2008-11-17T20:09:22","date_gmt":"2008-11-17T18:09:22","guid":{"rendered":"http:\/\/smdesevilla.com\/principal\/?p=253"},"modified":"2008-11-19T23:45:42","modified_gmt":"2008-11-19T21:45:42","slug":"ensemble-clement-janequin","status":"publish","type":"post","link":"https:\/\/smdesevilla.com\/principal\/ensemble-clement-janequin\/","title":{"rendered":"Ensemble Cl\u00e9ment Janequin"},"content":{"rendered":"<p style=\"text-align: justify;\"><a href=\"http:\/\/smdesevilla.com\/principal\/wp-content\/uploads\/janequin.jpg\"><img decoding=\"async\" class=\"alignnone size-full wp-image-254\" title=\"janequin\" src=\"http:\/\/smdesevilla.com\/principal\/wp-content\/uploads\/janequin.jpg\" alt=\"\" width=\"520\" srcset=\"https:\/\/smdesevilla.com\/principal\/wp-content\/uploads\/janequin.jpg 520w, https:\/\/smdesevilla.com\/principal\/wp-content\/uploads\/janequin-300x200.jpg 300w\" sizes=\"(max-width: 520px) 100vw, 520px\" \/><\/a><\/p>\n<p style=\"text-align: justify;\">Aprovechando la preparaci\u00f3n del nuevo programa de la SMS, os ofrecemos enlaces e informaci\u00f3n sobre el Ensemble Cl\u00e9ment Janequin, especializado en m\u00fasica antigua.<\/p>\n<blockquote>\n<p style=\"text-align: justify;\">Creado en Par\u00eds en 1978 por el contratenor Dominique Visse, uno de los artistas l\u00edricos m\u00e1s populares del mundo en \u00f3pera barroca, L\u2019ENSEMBLE CL\u00c9MENT JANEQUIN se especializa en m\u00fasica del Renacimiento, tanto sagrada como profana, desde Josquin a Monteverdi. Sus inimitables interpretaciones de las chanson francesas del siglo XVI, han revelado lo que hoy se considera una de las Edades de Oro en la historia de la m\u00fasica francesa. Sus grabaciones para Harmonia Mundi: Les Cris de Paris, Le Chant des Oiseaux, Fricas\u00e9 Parisienne y La Chasse, son consideradas interpretaciones de referencia. El ENSEMBLE CL\u00c9MENT JANEQUIN ha actuado por todo el mundo, siendo particularmente admirados en Jap\u00f3n, donde realizaron su primera gira en marzo de 1994. El ENSEMBLE ha viajado tambi\u00e9n recientemente, con el patrocinio del Ministerio de Asuntos Exteriores Franc\u00e9s, por Latinoam\u00e9rica, el Lejano Oriente, Norte Am\u00e9rica, Australia, Canad\u00e1 y siempre es recibido calurosamente en sus frecuentes visitas al Wigmore Hall de Londres.<\/p>\n<\/blockquote>\n<p>En 2008, el Ensemble Cl\u00e9ment Janequin actuar\u00e1 o ha actuado en Jaca, Salamanca y San Sebasti\u00e1n, dentro de la gira conmemorativa de su trig\u00e9simo aniversario.<\/p>\n","protected":false},"excerpt":{"rendered":"<p>Aprovechando la preparaci\u00f3n del nuevo programa de la SMS, os ofrecemos enlaces e informaci\u00f3n sobre el Ensemble Cl\u00e9ment Janequin, especializado en m\u00fasica antigua. Creado en Par\u00eds en 1978 por el contratenor Dominique Visse, uno de los artistas l\u00edricos m\u00e1s populares del mundo en \u00f3pera barroca, L\u2019ENSEMBLE CL\u00c9MENT JANEQUIN se especializa en m\u00fasica del Renacimiento, tanto [&hellip;]<\/p>\n","protected":false},"author":1,"featured_media":0,"comment_status":"open","ping_status":"open","sticky":false,"template":"","format":"standard","meta":{"_price":"","_stock":"","_tribe_ticket_header":"","_tribe_default_ticket_provider":"","_tribe_ticket_capacity":"0","_ticket_start_date":"","_ticket_end_date":"","_tribe_ticket_show_description":"","_tribe_ticket_show_not_going":false,"_tribe_ticket_use_global_stock":"","_tribe_ticket_global_stock_level":"","_global_stock_mode":"","_global_stock_cap":"","_tribe_rsvp_for_event":"","_tribe_ticket_going_count":"","_tribe_ticket_not_going_count":"","_tribe_tickets_list":"[]","_tribe_ticket_has_attendee_info_fields":false,"footnotes":"","_tec_slr_enabled":"","_tec_slr_layout":""},"categories":[7],"tags":[113,116,117],"class_list":["post-253","post","type-post","status-publish","format-standard","hentry","category-revista-de-la-musica","tag-janequin","tag-musica-antigua","tag-renacimiento"],"aioseo_notices":[],"ticketed":false,"_links":{"self":[{"href":"https:\/\/smdesevilla.com\/principal\/wp-json\/wp\/v2\/posts\/253","targetHints":{"allow":["GET"]}}],"collection":[{"href":"https:\/\/smdesevilla.com\/principal\/wp-json\/wp\/v2\/posts"}],"about":[{"href":"https:\/\/smdesevilla.com\/principal\/wp-json\/wp\/v2\/types\/post"}],"author":[{"embeddable":true,"href":"https:\/\/smdesevilla.com\/principal\/wp-json\/wp\/v2\/users\/1"}],"replies":[{"embeddable":true,"href":"https:\/\/smdesevilla.com\/principal\/wp-json\/wp\/v2\/comments?post=253"}],"version-history":[{"count":0,"href":"https:\/\/smdesevilla.com\/principal\/wp-json\/wp\/v2\/posts\/253\/revisions"}],"wp:attachment":[{"href":"https:\/\/smdesevilla.com\/principal\/wp-json\/wp\/v2\/media?parent=253"}],"wp:term":[{"taxonomy":"category","embeddable":true,"href":"https:\/\/smdesevilla.com\/principal\/wp-json\/wp\/v2\/categories?post=253"},{"taxonomy":"post_tag","embeddable":true,"href":"https:\/\/smdesevilla.com\/principal\/wp-json\/wp\/v2\/tags?post=253"}],"curies":[{"name":"wp","href":"https:\/\/api.w.org\/{rel}","templated":true}]}}