{"id":11843,"date":"2023-11-06T19:12:14","date_gmt":"2023-11-06T18:12:14","guid":{"rendered":"https:\/\/smdesevilla.com\/principal\/?p=11843"},"modified":"2024-08-13T11:53:59","modified_gmt":"2024-08-13T09:53:59","slug":"lb","status":"publish","type":"post","link":"https:\/\/smdesevilla.com\/principal\/lb\/","title":{"rendered":"<b>LUTO BARROCO <\/b>| BACH \/ H\u00c4NDEL"},"content":{"rendered":"<p>Irene Fern\u00e1ndez, Viol\u00edn I<br \/>\nVeronika F\u00fcredi, Viol\u00edn II<br \/>\nAntonio Peinado, Viola<br \/>\nRicardo Huete, Violonchelo<br \/>\nJos\u00e9 Manuel Cuadrado, Oboe I<br \/>\nPilar S\u00e1nchez, Oboe II<br \/>\nJuan Batanero, \u00d3rgano<br \/>\nMiguel Hern\u00e1ndez, Violone<\/p>\n<p>Coro de la Sociedad Musical de Sevilla<\/p>\n<p><b>Juan Ignacio Rodrigo Herrera, <em>director<\/em><\/b><\/p>\n<p>S\u00e1bado 25 de noviembre de 2023 \u00b7 20:30 horas<br \/>\nParroquia de San Carlos Borromeo<\/p>\n<p>Domingo 26 de Noviembre de 2023 \u00b7 18:30 horas<br \/>\nIglesia de San Alberto (PP. Filipenses)<\/p>\n<h5>PROGRAMA<\/h5>\n<p>Georg Friedrich H\u00e4ndel<br \/>\n<i>The ways of Zion do Mourn<\/i> HWV 264<br \/>\nHimno funeral para la Reina Carolina (1737)<\/p>\n<p>Johann Sebastian Bach<br \/>\nMotete <i>Komm, Jesu, Komm<\/i> BWV 229<\/p>\n<p>&nbsp;<\/p>\n<hr \/>\n<figure class=\"wp-block-image\"><\/figure>\n<h3><strong>JUAN IGNACIO RODRIGO HERRERA \u00b7 director<\/strong><\/h3>\n<p><img loading=\"lazy\" decoding=\"async\" class=\"wp-image-11852 size-medium alignleft\" src=\"https:\/\/smdesevilla.com\/principal\/wp-content\/uploads\/JIRH-300x279.jpg\" alt=\"\" width=\"300\" height=\"279\" srcset=\"https:\/\/smdesevilla.com\/principal\/wp-content\/uploads\/JIRH-300x279.jpg 300w, https:\/\/smdesevilla.com\/principal\/wp-content\/uploads\/JIRH.jpg 358w\" sizes=\"auto, (max-width: 300px) 100vw, 300px\" \/><\/p>\n<p>Es Licenciado en Historia y Ciencias de la M\u00fasica, y licenciado en Historia del Arte por la Universidad de Granada. Actualmente se encuentra realizando el doctorado en Historia y Ciencias de la M\u00fasica por la Universidad de Granada sobre criterios de interpretaci\u00f3n hist\u00f3rica en la polifon\u00eda sacra del XVI. Est\u00e1 especializado en repertorio temprano con criterios de hist\u00f3ricamente informados.<\/p>\n<p>Comienza desde muy joven en el mundo de la m\u00fasica coral y con 17 a\u00f1os fundad la Coral Polif\u00f3nica y orquesta barroca de la Bas\u00edlica de San Juan de Dios (1995) de la que sigue siendo director. Estudi\u00f3 guitarra cl\u00e1sica en el Conservatorio Superior de M\u00fasica \u00abVictoria Eugenia\u00bb de Granada. Ha estudiado direcci\u00f3n coral con importantes figuras como Adolfo Guti\u00e9rrez Viejo, Juan Rodr\u00edguez Mart\u00ednez, Gabriel Garrido, Martin Schmidt, Vasco Negreiros, LLuis Vilamajor, Michael Noone, Peter Philips y Harry Christophers. Ha trabajado con prestigiosos directores como Sebastian Weigle, Manuel Hernandez Silva, Jan Caeyers, Jean Jacques Kantorow, Josep Pons, Gloria Isabel Ramos, Mireia Barrera, Helmut Rilling, Christoph Spering y Christoph Rousett. Como director ha realizado numerosas grabaciones para RTVE, Radio2, Radio Cl\u00e1sica, TVE2, Canal Internacional y Canal Am\u00e9rica. Entre sus grabaciones destacan M\u00fasica Barroca en la catedral de Oaxaca-M\u00e9xico junto con el Ensemble vocal e Instrumental Elyma, y la Grabaci\u00f3n de la \u00f3pera Il califfo di Badad de Manuel del Popolo Garc\u00edacon junto con la orquesta Les Talents Lyriques. Actualmente tambi\u00e9n es director titular del CORO UGR \u201cManuel de Falla\u201d (Coro Oficial de la Universidad de Granada) y vicepresidente de la Federaci\u00f3n de Coros de Granada desde su creaci\u00f3n en 2018. Es profesor de m\u00fasica en la Instituci\u00f3n Juan XXIII de Granada.<\/p>\n<hr \/>\n<p>&nbsp;<\/p>\n<div class=\"su-box su-box-style-default\" id=\"\" style=\"border-color:#000000;border-radius:3px;max-width:none\"><div class=\"su-box-title\" style=\"background-color:#333333;color:#FFFFFF;border-top-left-radius:1px;border-top-right-radius:1px\">ENTRADAS<\/div><div class=\"su-box-content su-u-clearfix su-u-trim\" style=\"border-bottom-left-radius:1px;border-bottom-right-radius:1px\"><b>Compra de entradas online cerrada, disponibles en taquilla una hora antes del concierto.<\/b><br \/>\nEntrada general: 10 euros<br \/>\nEntrada para socios de la SMS (una entrada por socio): 7 euros<br \/>\nEntrada para socios de la AAOBS (una entrada por socio): 8 euros<\/div><\/div>\n","protected":false},"excerpt":{"rendered":"<p>Irene Fern\u00e1ndez, Viol\u00edn I Veronika F\u00fcredi, Viol\u00edn II Antonio Peinado, Viola Ricardo Huete, Violonchelo Jos\u00e9 Manuel Cuadrado, Oboe I Pilar S\u00e1nchez, Oboe II Juan Batanero, \u00d3rgano Miguel Hern\u00e1ndez, Violone Coro de la Sociedad Musical de Sevilla Juan Ignacio Rodrigo Herrera, director S\u00e1bado 25 de noviembre de 2023 \u00b7 20:30 horas Parroquia de San Carlos Borromeo [&hellip;]<\/p>\n","protected":false},"author":1,"featured_media":12512,"comment_status":"closed","ping_status":"closed","sticky":false,"template":"","format":"standard","meta":{"_price":"","_stock":"","_tribe_ticket_header":"11172","_tribe_default_ticket_provider":"Tribe__Tickets_Plus__Commerce__WooCommerce__Main","_tribe_ticket_capacity":"150","_ticket_start_date":"","_ticket_end_date":"","_tribe_ticket_show_description":"","_tribe_ticket_show_not_going":false,"_tribe_ticket_use_global_stock":"1","_tribe_ticket_global_stock_level":"118","_global_stock_mode":"","_global_stock_cap":"","_tribe_rsvp_for_event":"","_tribe_ticket_going_count":"","_tribe_ticket_not_going_count":"","_tribe_tickets_list":"[{\"id\":11855,\"type\":\"default\",\"title\":\"LUTO BARROCO \\u00b7 SAN CARLOS \\u00b7 S\\u00c1BADO 25 NOVIEMBRE \\u00b7 ENTRADA GENERAL\",\"description\":\"LUTO BARROCO<br \\\/>\\r\\nOBRAS DE BACH Y H\\u00c4NDEL<br \\\/>\\r\\nPARROQUIA DE SAN CARLOS BORROMEO<br \\\/>\\r\\n25 NOV 2023<br \\\/>\\r\\nENTRADA GENERAL\",\"capacityType\":\"own\",\"price\":10,\"capacity\":52,\"available\":25,\"sharedCapacity\":52,\"sold\":27,\"shareSold\":27,\"isShared\":false,\"currencyDecimalPoint\":\",\",\"currencyNumberOfDecimals\":2,\"currencyPosition\":\"postfix\",\"currencySymbol\":\"\\u20ac\",\"currencyThousandsSep\":\".\"},{\"id\":11857,\"type\":\"default\",\"title\":\"LUTO BARROCO SAN ALBERTO \\u00b7 DOMINGO 26 NOVIEMBRE \\u00b7 ENTRADA GENERAL\",\"description\":\"LUTO BARROCO<br \\\/>\\r\\nOBRAS DE BACH Y H\\u00c4NDEL<br \\\/>\\r\\nIGLESIA DE SAN ALBERTO<br \\\/>\\r\\n26 NOV 2023<br \\\/>\\r\\nENTRADA GENERAL\\r\\n\",\"capacityType\":\"own\",\"price\":10,\"capacity\":33,\"available\":16,\"sharedCapacity\":33,\"sold\":17,\"shareSold\":17,\"isShared\":false,\"currencyDecimalPoint\":\",\",\"currencyNumberOfDecimals\":2,\"currencyPosition\":\"postfix\",\"currencySymbol\":\"\\u20ac\",\"currencyThousandsSep\":\".\"},{\"id\":11858,\"type\":\"default\",\"title\":\"LUTO BARROCO SAN CARLOS \\u00b7 S\\u00c1BADO 25 NOVIEMBRE \\u00b7 ENTRADA SOCIOS SMS\",\"description\":\"LUTO BARROCO<br \\\/>\\r\\nOBRAS DE BACH Y H\\u00c4NDEL<br \\\/>\\r\\nPARROQUIA DE SAN CARLOS BORROMEO<br \\\/>\\r\\n25 NOV 2023<br \\\/>\\r\\nENTRADA PARA SOCIOS SMS<br \\\/>\\r\\nUNA ENTRADA POR SOCIO\",\"capacityType\":\"own\",\"price\":7,\"capacity\":7,\"available\":5,\"sharedCapacity\":7,\"sold\":2,\"shareSold\":2,\"isShared\":false,\"currencyDecimalPoint\":\",\",\"currencyNumberOfDecimals\":2,\"currencyPosition\":\"postfix\",\"currencySymbol\":\"\\u20ac\",\"currencyThousandsSep\":\".\"},{\"id\":11859,\"type\":\"default\",\"title\":\"LUTO BARROCO SAN ALBERTO \\u00b7 DOMINGO 26 NOVIEMBRE \\u00b7 ENTRADA SOCIOS SMS\",\"description\":\"LUTO BARROCO<br \\\/>\\r\\nOBRAS DE BACH Y H\\u00c4NDEL<br \\\/>\\r\\nIGLESIA DE SAN ALBERTO<br \\\/>\\r\\n26 NOV 2023<br \\\/>\\r\\nENTRADA PARA SOCIOS SMS<br \\\/>\\r\\nUNA ENTRADA POR SOCIO\",\"capacityType\":\"own\",\"price\":7,\"capacity\":8,\"available\":7,\"sharedCapacity\":8,\"sold\":1,\"shareSold\":1,\"isShared\":false,\"currencyDecimalPoint\":\",\",\"currencyNumberOfDecimals\":2,\"currencyPosition\":\"postfix\",\"currencySymbol\":\"\\u20ac\",\"currencyThousandsSep\":\".\"},{\"id\":11860,\"type\":\"default\",\"title\":\"LUTO BARROCO SAN CARLOS \\u00b7 S\\u00c1BADO 25 NOVIEMBRE \\u00b7 ENTRADA SOCIOS AAOBS\",\"description\":\"LUTO BARROCO<br \\\/>\\r\\nOBRAS DE BACH Y H\\u00c4NDEL<br \\\/>\\r\\nPARROQUIA DE SAN CARLOS BORROMEO<br \\\/>\\r\\n25 NOV 2023<br \\\/>\\r\\nENTRADA PARA SOCIOS DE LA AAOBS<br \\\/>\\r\\nUNA ENTRADA POR SOCIO\",\"capacityType\":\"own\",\"price\":8,\"capacity\":27,\"available\":22,\"sharedCapacity\":27,\"sold\":5,\"shareSold\":5,\"isShared\":false,\"currencyDecimalPoint\":\",\",\"currencyNumberOfDecimals\":2,\"currencyPosition\":\"postfix\",\"currencySymbol\":\"\\u20ac\",\"currencyThousandsSep\":\".\"},{\"id\":11861,\"type\":\"default\",\"title\":\"LUTO BARROCO SAN ALBERTO \\u00b7 DOMINGO 26 NOVIEMBRE \\u00b7 ENTRADA SOCIOS AAOBS\",\"description\":\"LUTO BARROCO<br \\\/>\\r\\nOBRAS DE BACH Y H\\u00c4NDEL<br \\\/>\\r\\nIGLESIA DE SAN ALBERTO<br \\\/>\\r\\n26 NOV 2023<br \\\/>\\r\\nENTRADA PARA SOCIOS DE LA AAOBS<br \\\/>\\r\\nUNA ENTRADA POR SOCIO\",\"capacityType\":\"own\",\"price\":8,\"capacity\":24,\"available\":20,\"sharedCapacity\":24,\"sold\":4,\"shareSold\":4,\"isShared\":false,\"currencyDecimalPoint\":\",\",\"currencyNumberOfDecimals\":2,\"currencyPosition\":\"postfix\",\"currencySymbol\":\"\\u20ac\",\"currencyThousandsSep\":\".\"}]","_tribe_ticket_has_attendee_info_fields":false,"footnotes":"","_tec_slr_enabled":"","_tec_slr_layout":""},"categories":[146],"tags":[],"class_list":["post-11843","post","type-post","status-publish","format-standard","has-post-thumbnail","hentry","category-conciertos-y-actividades--venta-de-entradas"],"aioseo_notices":[],"ticketed":["woo"],"_links":{"self":[{"href":"https:\/\/smdesevilla.com\/principal\/wp-json\/wp\/v2\/posts\/11843","targetHints":{"allow":["GET"]}}],"collection":[{"href":"https:\/\/smdesevilla.com\/principal\/wp-json\/wp\/v2\/posts"}],"about":[{"href":"https:\/\/smdesevilla.com\/principal\/wp-json\/wp\/v2\/types\/post"}],"author":[{"embeddable":true,"href":"https:\/\/smdesevilla.com\/principal\/wp-json\/wp\/v2\/users\/1"}],"replies":[{"embeddable":true,"href":"https:\/\/smdesevilla.com\/principal\/wp-json\/wp\/v2\/comments?post=11843"}],"version-history":[{"count":19,"href":"https:\/\/smdesevilla.com\/principal\/wp-json\/wp\/v2\/posts\/11843\/revisions"}],"predecessor-version":[{"id":12763,"href":"https:\/\/smdesevilla.com\/principal\/wp-json\/wp\/v2\/posts\/11843\/revisions\/12763"}],"wp:featuredmedia":[{"embeddable":true,"href":"https:\/\/smdesevilla.com\/principal\/wp-json\/wp\/v2\/media\/12512"}],"wp:attachment":[{"href":"https:\/\/smdesevilla.com\/principal\/wp-json\/wp\/v2\/media?parent=11843"}],"wp:term":[{"taxonomy":"category","embeddable":true,"href":"https:\/\/smdesevilla.com\/principal\/wp-json\/wp\/v2\/categories?post=11843"},{"taxonomy":"post_tag","embeddable":true,"href":"https:\/\/smdesevilla.com\/principal\/wp-json\/wp\/v2\/tags?post=11843"}],"curies":[{"name":"wp","href":"https:\/\/api.w.org\/{rel}","templated":true}]}}